{"id":474,"date":"2024-08-19T01:17:54","date_gmt":"2024-08-19T01:17:54","guid":{"rendered":"https:\/\/units.fisheries.org\/prafs\/?p=474"},"modified":"2024-08-19T01:17:54","modified_gmt":"2024-08-19T01:17:54","slug":"%e2%9c%a8miembros-destacados-celebrando-el-exito-member-spotlight-celebrating-success%e2%9c%a8-5","status":"publish","type":"post","link":"https:\/\/units.fisheries.org\/prafs\/%e2%9c%a8miembros-destacados-celebrando-el-exito-member-spotlight-celebrating-success%e2%9c%a8-5\/","title":{"rendered":"\u2728Miembros destacados: Celebrando el \u00e9xito \/ Member Spotlight: Celebrating Success\u2728"},"content":{"rendered":"<p><img loading=\"lazy\" decoding=\"async\" class=\"aligncenter  wp-image-475\" src=\"https:\/\/units.fisheries.org\/prafs\/wp-content\/uploads\/sites\/59\/2024\/08\/108-300x251.png\" alt=\"\" width=\"400\" height=\"335\" srcset=\"https:\/\/units.fisheries.org\/prafs\/wp-content\/uploads\/sites\/59\/2024\/08\/108-300x250.png 300w, https:\/\/units.fisheries.org\/prafs\/wp-content\/uploads\/sites\/59\/2024\/08\/108-1024x858.png 1024w, https:\/\/units.fisheries.org\/prafs\/wp-content\/uploads\/sites\/59\/2024\/08\/108-768x644.png 768w, https:\/\/units.fisheries.org\/prafs\/wp-content\/uploads\/sites\/59\/2024\/08\/108-1536x1288.png 1536w, https:\/\/units.fisheries.org\/prafs\/wp-content\/uploads\/sites\/59\/2024\/08\/108-2048x1717.png 2048w\" sizes=\"auto, (max-width: 400px) 100vw, 400px\" \/> <img loading=\"lazy\" decoding=\"async\" class=\"aligncenter  wp-image-476\" src=\"https:\/\/units.fisheries.org\/prafs\/wp-content\/uploads\/sites\/59\/2024\/08\/109-300x251.png\" alt=\"\" width=\"400\" height=\"335\" srcset=\"https:\/\/units.fisheries.org\/prafs\/wp-content\/uploads\/sites\/59\/2024\/08\/109-300x250.png 300w, https:\/\/units.fisheries.org\/prafs\/wp-content\/uploads\/sites\/59\/2024\/08\/109-1024x858.png 1024w, https:\/\/units.fisheries.org\/prafs\/wp-content\/uploads\/sites\/59\/2024\/08\/109-768x644.png 768w, https:\/\/units.fisheries.org\/prafs\/wp-content\/uploads\/sites\/59\/2024\/08\/109-1536x1288.png 1536w, https:\/\/units.fisheries.org\/prafs\/wp-content\/uploads\/sites\/59\/2024\/08\/109-2048x1717.png 2048w\" sizes=\"auto, (max-width: 400px) 100vw, 400px\" \/> <img loading=\"lazy\" decoding=\"async\" class=\"aligncenter  wp-image-477\" src=\"https:\/\/units.fisheries.org\/prafs\/wp-content\/uploads\/sites\/59\/2024\/08\/110-300x251.png\" alt=\"\" width=\"399\" height=\"334\" srcset=\"https:\/\/units.fisheries.org\/prafs\/wp-content\/uploads\/sites\/59\/2024\/08\/110-300x250.png 300w, https:\/\/units.fisheries.org\/prafs\/wp-content\/uploads\/sites\/59\/2024\/08\/110-1024x858.png 1024w, https:\/\/units.fisheries.org\/prafs\/wp-content\/uploads\/sites\/59\/2024\/08\/110-768x644.png 768w, https:\/\/units.fisheries.org\/prafs\/wp-content\/uploads\/sites\/59\/2024\/08\/110-1536x1288.png 1536w, https:\/\/units.fisheries.org\/prafs\/wp-content\/uploads\/sites\/59\/2024\/08\/110-2048x1717.png 2048w\" sizes=\"auto, (max-width: 399px) 100vw, 399px\" \/><\/p>\n<div dir=\"auto\"><\/div>\n<div dir=\"auto\">\n<div dir=\"auto\" style=\"text-align: left\"><\/div>\n<div dir=\"auto\" style=\"text-align: center\">????\u00a1Atenci\u00f3n a todos los miembros!<\/div>\n<\/div>\n<div dir=\"auto\" style=\"text-align: center\">Nos complace anunciar que nuestro presidente (de AFS), Miguel Garc\u00eda, ha compartido sus valiosas experiencias y la misi\u00f3n colectiva de la AFS en la columna de la revista de la American Fisheries Society: Fisheries. ????<\/div>\n<div dir=\"auto\" style=\"text-align: center\">&#8212;<\/div>\n<div dir=\"auto\" style=\"text-align: center\">???? Attention all members!<br \/>\nWe are pleased to announce that our AFS president, Miguel Garc\u00eda, has shared his valuable experiences and the collective mission of AFS in the column of the American Fisheries Society&#8217;s magazine: Fisheries. ????<\/div>\n","protected":false},"excerpt":{"rendered":"<p>????\u00a1Atenci\u00f3n a todos los miembros! Nos complace anunciar que nuestro presidente (de AFS), Miguel Garc\u00eda, ha compartido sus valiosas experiencias y la misi\u00f3n colectiva de la AFS en la columna de la revista de la American Fisheries Society: Fisheries. ???? &#8212; ???? Attention all members! We are pleased to announce that our AFS president, Miguel [&hellip;]<\/p>\n","protected":false},"author":635,"featured_media":0,"comment_status":"open","ping_status":"closed","sticky":false,"template":"","format":"standard","meta":{"_acf_changed":false,"footnotes":""},"categories":[9],"tags":[11,15,13,12,14],"class_list":["post-474","post","type-post","status-publish","format-standard","hentry","category-member-spotlight","tag-afs","tag-conservation","tag-fisheries","tag-puertoricochapter","tag-science","odd","first-child","last-child"],"acf":[],"_links":{"self":[{"href":"https:\/\/units.fisheries.org\/prafs\/wp-json\/wp\/v2\/posts\/474","targetHints":{"allow":["GET"]}}],"collection":[{"href":"https:\/\/units.fisheries.org\/prafs\/wp-json\/wp\/v2\/posts"}],"about":[{"href":"https:\/\/units.fisheries.org\/prafs\/wp-json\/wp\/v2\/types\/post"}],"author":[{"embeddable":true,"href":"https:\/\/units.fisheries.org\/prafs\/wp-json\/wp\/v2\/users\/635"}],"replies":[{"embeddable":true,"href":"https:\/\/units.fisheries.org\/prafs\/wp-json\/wp\/v2\/comments?post=474"}],"version-history":[{"count":0,"href":"https:\/\/units.fisheries.org\/prafs\/wp-json\/wp\/v2\/posts\/474\/revisions"}],"wp:attachment":[{"href":"https:\/\/units.fisheries.org\/prafs\/wp-json\/wp\/v2\/media?parent=474"}],"wp:term":[{"taxonomy":"category","embeddable":true,"href":"https:\/\/units.fisheries.org\/prafs\/wp-json\/wp\/v2\/categories?post=474"},{"taxonomy":"post_tag","embeddable":true,"href":"https:\/\/units.fisheries.org\/prafs\/wp-json\/wp\/v2\/tags?post=474"}],"curies":[{"name":"wp","href":"https:\/\/api.w.org\/{rel}","templated":true}]}}